{"id":777,"date":"2019-03-14T10:47:57","date_gmt":"2019-03-14T10:47:57","guid":{"rendered":"http:\/\/www.technikum-academy.cz\/?p=777"},"modified":"2019-03-14T10:47:57","modified_gmt":"2019-03-14T10:47:57","slug":"konference-o-ikap-rozvoje-vzdelavani-v-kralovehradeckem-kraji","status":"publish","type":"post","link":"https:\/\/www.technikum-academy.cz\/index.php\/2019\/03\/14\/konference-o-ikap-rozvoje-vzdelavani-v-kralovehradeckem-kraji\/","title":{"rendered":"Konference o iKAP rozvoje vzd\u011bl\u00e1v\u00e1n\u00ed v Kr\u00e1lov\u00e9hradeck\u00e9m kraji"},"content":{"rendered":"<div><\/div>\n<div>Na z\u00e1klad\u011b osobn\u00edho pozv\u00e1n\u00ed ze strany veden\u00ed spole\u010dnosti Corinth se na\u0161i \u010dlenov\u00e9 neziskov\u00e9 organizace dne 13.3 2019 z\u016f\u010dastnili spolu se z\u00e1stupci vybran\u00fdch spolupracuj\u00edc\u00edch z\u00e1kladn\u00edch \u0161kol odborn\u00e9 konference s uk\u00e1zkami modern\u00edch v\u00fdukov\u00fdch technologi\u00ed a p\u0159edstaven\u00ed SW Corinth .<\/div>\n<div>Sou\u010d\u00e1st\u00ed konference bylo i n\u00e1zorn\u00e9 p\u0159edstaven\u00ed Corinth u\u010debny s mo\u017enost\u00ed vyu\u017eit\u00ed dopl\u0148kov\u00fdch technologi\u00ed v r\u00e1mci 3D tisku a virtu\u00e1ln\u00ed reality na za\u0159\u00edzen\u00edch HTC Vive, Microsoft Hololens, Occulus Go,zSpace.<\/div>\n<div>Konference byla po\u0159\u00e1d\u00e1na v prostor\u00e1ch Gymn\u00e1zia a St\u0159edn\u00ed odborn\u00e9 \u0161koly a Vy\u0161\u0161\u00ed odborn\u00e9 \u0161koly v Nov\u00e9m Byd\u017eov\u011b. Sou\u010d\u00e1st\u00ed akce byla i tiskov\u00e1 konference za \u00fa\u010dasti z\u00e1stupc\u016f Kr\u00e1lov\u00e9hradeck\u00e9ho kraje, M\u0160MT, Karlovy univerzity. \u00da\u010dast\u00ed na\u0161ich z\u00e1stupc\u016f jsme z\u00edskali podrobn\u00fd p\u0159ehled o zm\u00edn\u011bn\u00fdch modern\u00edch v\u00fdukov\u00fdch technologi\u00edch v\u010detn\u011b ov\u011b\u0159en\u00ed p\u0159\u00edklad\u016f dobr\u00e9 praxe p\u0159\u00edmo v ter\u00e9nu, kter\u00e9 se budeme sna\u017eit implementovat v r\u00e1mci spolupracuj\u00edc\u00edch \u0161kolsk\u00fdch za\u0159\u00edzen\u00ed v na\u0161em regionu v roce 2019-20.<\/div>\n<div>D\u011bkujeme veden\u00ed spole\u010dnosti Corinth za spolupr\u00e1ci.<\/div>\n<div><img loading=\"lazy\" decoding=\"async\" class=\"alignnone size-medium wp-image-778\" src=\"http:\/\/www.technikum-academy.cz\/wp-content\/uploads\/2019\/03\/IMG-20190314-WA0001-300x225.jpg\" alt=\"\" width=\"300\" height=\"225\" srcset=\"https:\/\/www.technikum-academy.cz\/wp-content\/uploads\/2019\/03\/IMG-20190314-WA0001-300x225.jpg 300w, https:\/\/www.technikum-academy.cz\/wp-content\/uploads\/2019\/03\/IMG-20190314-WA0001-768x576.jpg 768w, https:\/\/www.technikum-academy.cz\/wp-content\/uploads\/2019\/03\/IMG-20190314-WA0001-1024x768.jpg 1024w, https:\/\/www.technikum-academy.cz\/wp-content\/uploads\/2019\/03\/IMG-20190314-WA0001.jpg 1600w\" sizes=\"(max-width: 300px) 100vw, 300px\" \/><img loading=\"lazy\" decoding=\"async\" class=\"alignnone size-medium wp-image-779\" src=\"http:\/\/www.technikum-academy.cz\/wp-content\/uploads\/2019\/03\/IMG-20190314-WA0006-300x225.jpg\" alt=\"\" width=\"300\" height=\"225\" srcset=\"https:\/\/www.technikum-academy.cz\/wp-content\/uploads\/2019\/03\/IMG-20190314-WA0006-300x225.jpg 300w, https:\/\/www.technikum-academy.cz\/wp-content\/uploads\/2019\/03\/IMG-20190314-WA0006-768x576.jpg 768w, https:\/\/www.technikum-academy.cz\/wp-content\/uploads\/2019\/03\/IMG-20190314-WA0006-1024x768.jpg 1024w, https:\/\/www.technikum-academy.cz\/wp-content\/uploads\/2019\/03\/IMG-20190314-WA0006.jpg 1600w\" sizes=\"(max-width: 300px) 100vw, 300px\" \/><img loading=\"lazy\" decoding=\"async\" class=\"alignnone size-medium wp-image-780\" src=\"http:\/\/www.technikum-academy.cz\/wp-content\/uploads\/2019\/03\/IMG-20190314-WA0003-300x225.jpg\" alt=\"\" width=\"300\" height=\"225\" srcset=\"https:\/\/www.technikum-academy.cz\/wp-content\/uploads\/2019\/03\/IMG-20190314-WA0003-300x225.jpg 300w, https:\/\/www.technikum-academy.cz\/wp-content\/uploads\/2019\/03\/IMG-20190314-WA0003-768x576.jpg 768w, https:\/\/www.technikum-academy.cz\/wp-content\/uploads\/2019\/03\/IMG-20190314-WA0003-1024x768.jpg 1024w, https:\/\/www.technikum-academy.cz\/wp-content\/uploads\/2019\/03\/IMG-20190314-WA0003.jpg 1600w\" sizes=\"(max-width: 300px) 100vw, 300px\" \/><\/div>\n","protected":false},"excerpt":{"rendered":"<p>Na z\u00e1klad\u011b osobn\u00edho pozv\u00e1n\u00ed ze strany veden\u00ed spole\u010dnosti Corinth se na\u0161i \u010dlenov\u00e9 neziskov\u00e9 organizace dne 13.3 2019 z\u016f\u010dastnili spolu se z\u00e1stupci vybran\u00fdch spolupracuj\u00edc\u00edch z\u00e1kladn\u00edch \u0161kol odborn\u00e9 konference s uk\u00e1zkami modern\u00edch v\u00fdukov\u00fdch technologi\u00ed a p\u0159edstaven\u00ed SW Corinth . Sou\u010d\u00e1st\u00ed konference bylo i n\u00e1zorn\u00e9 p\u0159edstaven\u00ed Corinth u\u010debny s mo\u017enost\u00ed vyu\u017eit\u00ed dopl\u0148kov\u00fdch technologi\u00ed v r\u00e1mci 3D tisku a &hellip; <\/p>\n<p class=\"link-more\"><a href=\"https:\/\/www.technikum-academy.cz\/index.php\/2019\/03\/14\/konference-o-ikap-rozvoje-vzdelavani-v-kralovehradeckem-kraji\/\" class=\"more-link\">Pokra\u010dovat ve \u010dten\u00ed<span class=\"screen-reader-text\"> &#8222;Konference o iKAP rozvoje vzd\u011bl\u00e1v\u00e1n\u00ed v Kr\u00e1lov\u00e9hradeck\u00e9m kraji&#8220;<\/span><\/a><\/p>\n","protected":false},"author":1,"featured_media":778,"comment_status":"open","ping_status":"open","sticky":false,"template":"","format":"standard","meta":{"footnotes":""},"categories":[1],"tags":[],"_links":{"self":[{"href":"https:\/\/www.technikum-academy.cz\/index.php\/wp-json\/wp\/v2\/posts\/777"}],"collection":[{"href":"https:\/\/www.technikum-academy.cz\/index.php\/wp-json\/wp\/v2\/posts"}],"about":[{"href":"https:\/\/www.technikum-academy.cz\/index.php\/wp-json\/wp\/v2\/types\/post"}],"author":[{"embeddable":true,"href":"https:\/\/www.technikum-academy.cz\/index.php\/wp-json\/wp\/v2\/users\/1"}],"replies":[{"embeddable":true,"href":"https:\/\/www.technikum-academy.cz\/index.php\/wp-json\/wp\/v2\/comments?post=777"}],"version-history":[{"count":1,"href":"https:\/\/www.technikum-academy.cz\/index.php\/wp-json\/wp\/v2\/posts\/777\/revisions"}],"predecessor-version":[{"id":781,"href":"https:\/\/www.technikum-academy.cz\/index.php\/wp-json\/wp\/v2\/posts\/777\/revisions\/781"}],"wp:featuredmedia":[{"embeddable":true,"href":"https:\/\/www.technikum-academy.cz\/index.php\/wp-json\/wp\/v2\/media\/778"}],"wp:attachment":[{"href":"https:\/\/www.technikum-academy.cz\/index.php\/wp-json\/wp\/v2\/media?parent=777"}],"wp:term":[{"taxonomy":"category","embeddable":true,"href":"https:\/\/www.technikum-academy.cz\/index.php\/wp-json\/wp\/v2\/categories?post=777"},{"taxonomy":"post_tag","embeddable":true,"href":"https:\/\/www.technikum-academy.cz\/index.php\/wp-json\/wp\/v2\/tags?post=777"}],"curies":[{"name":"wp","href":"https:\/\/api.w.org\/{rel}","templated":true}]}}