{"id":1416,"date":"2021-05-14T17:06:37","date_gmt":"2021-05-14T17:06:37","guid":{"rendered":"http:\/\/www.technikum-academy.cz\/?p=1416"},"modified":"2021-05-14T17:06:37","modified_gmt":"2021-05-14T17:06:37","slug":"spoluprace-se-zs-sanov","status":"publish","type":"post","link":"https:\/\/www.technikum-academy.cz\/index.php\/2021\/05\/14\/spoluprace-se-zs-sanov\/","title":{"rendered":"Spolupr\u00e1ce se Z\u0160 \u0160anov"},"content":{"rendered":"<p>Dne 14.5. 2021 prob\u011bhl ve spolupr\u00e1ci se z\u00e1kladn\u00ed \u0161kolou v \u0160anov\u011b Den vzd\u011bl\u00e1v\u00e1n\u00ed ve 3D v\u00fdukov\u00e9m sv\u011bt\u011b Corinth. Akce prob\u011bhla v p\u0159\u00edjemn\u00e9m prost\u0159ed\u00ed za \u00fa\u010dasti mil\u00fdch pedagog\u016f m\u00edstn\u00ed Z\u0160. AT 4.O \u0161kole bezplatn\u011b zap\u016fj\u010dila do konce \u0161koln\u00edho roku kompletn\u00ed ICT vybaven\u00ed pro v\u00fduku ve 3D.<\/p>\n<p>T\u00fdm Akademie techniky<\/p>\n<p><img loading=\"lazy\" decoding=\"async\" class=\"alignnone size-full wp-image-1417\" src=\"http:\/\/www.technikum-academy.cz\/wp-content\/uploads\/2021\/05\/image0.jpeg\" alt=\"\" width=\"1200\" height=\"1600\" srcset=\"https:\/\/www.technikum-academy.cz\/wp-content\/uploads\/2021\/05\/image0.jpeg 1200w, https:\/\/www.technikum-academy.cz\/wp-content\/uploads\/2021\/05\/image0-225x300.jpeg 225w, https:\/\/www.technikum-academy.cz\/wp-content\/uploads\/2021\/05\/image0-768x1024.jpeg 768w\" sizes=\"(max-width: 767px) 89vw, (max-width: 1000px) 54vw, (max-width: 1071px) 543px, 580px\" \/> <img loading=\"lazy\" decoding=\"async\" class=\"alignnone size-full wp-image-1418\" src=\"http:\/\/www.technikum-academy.cz\/wp-content\/uploads\/2021\/05\/image1.jpeg\" alt=\"\" width=\"1200\" height=\"1600\" srcset=\"https:\/\/www.technikum-academy.cz\/wp-content\/uploads\/2021\/05\/image1.jpeg 1200w, https:\/\/www.technikum-academy.cz\/wp-content\/uploads\/2021\/05\/image1-225x300.jpeg 225w, https:\/\/www.technikum-academy.cz\/wp-content\/uploads\/2021\/05\/image1-768x1024.jpeg 768w\" sizes=\"(max-width: 767px) 89vw, (max-width: 1000px) 54vw, (max-width: 1071px) 543px, 580px\" \/> <img loading=\"lazy\" decoding=\"async\" class=\"alignnone size-full wp-image-1419\" src=\"http:\/\/www.technikum-academy.cz\/wp-content\/uploads\/2021\/05\/image2.jpeg\" alt=\"\" width=\"1600\" height=\"1200\" srcset=\"https:\/\/www.technikum-academy.cz\/wp-content\/uploads\/2021\/05\/image2.jpeg 1600w, https:\/\/www.technikum-academy.cz\/wp-content\/uploads\/2021\/05\/image2-300x225.jpeg 300w, https:\/\/www.technikum-academy.cz\/wp-content\/uploads\/2021\/05\/image2-768x576.jpeg 768w, https:\/\/www.technikum-academy.cz\/wp-content\/uploads\/2021\/05\/image2-1024x768.jpeg 1024w\" sizes=\"(max-width: 767px) 89vw, (max-width: 1000px) 54vw, (max-width: 1071px) 543px, 580px\" \/><\/p>\n","protected":false},"excerpt":{"rendered":"<p>Dne 14.5. 2021 prob\u011bhl ve spolupr\u00e1ci se z\u00e1kladn\u00ed \u0161kolou v \u0160anov\u011b Den vzd\u011bl\u00e1v\u00e1n\u00ed ve 3D v\u00fdukov\u00e9m sv\u011bt\u011b Corinth. Akce prob\u011bhla v p\u0159\u00edjemn\u00e9m prost\u0159ed\u00ed za \u00fa\u010dasti mil\u00fdch pedagog\u016f m\u00edstn\u00ed Z\u0160. AT 4.O \u0161kole bezplatn\u011b zap\u016fj\u010dila do konce \u0161koln\u00edho roku kompletn\u00ed ICT vybaven\u00ed pro v\u00fduku ve 3D. T\u00fdm Akademie techniky<\/p>\n","protected":false},"author":1,"featured_media":1419,"comment_status":"open","ping_status":"open","sticky":false,"template":"","format":"standard","meta":{"footnotes":""},"categories":[1],"tags":[],"_links":{"self":[{"href":"https:\/\/www.technikum-academy.cz\/index.php\/wp-json\/wp\/v2\/posts\/1416"}],"collection":[{"href":"https:\/\/www.technikum-academy.cz\/index.php\/wp-json\/wp\/v2\/posts"}],"about":[{"href":"https:\/\/www.technikum-academy.cz\/index.php\/wp-json\/wp\/v2\/types\/post"}],"author":[{"embeddable":true,"href":"https:\/\/www.technikum-academy.cz\/index.php\/wp-json\/wp\/v2\/users\/1"}],"replies":[{"embeddable":true,"href":"https:\/\/www.technikum-academy.cz\/index.php\/wp-json\/wp\/v2\/comments?post=1416"}],"version-history":[{"count":1,"href":"https:\/\/www.technikum-academy.cz\/index.php\/wp-json\/wp\/v2\/posts\/1416\/revisions"}],"predecessor-version":[{"id":1420,"href":"https:\/\/www.technikum-academy.cz\/index.php\/wp-json\/wp\/v2\/posts\/1416\/revisions\/1420"}],"wp:featuredmedia":[{"embeddable":true,"href":"https:\/\/www.technikum-academy.cz\/index.php\/wp-json\/wp\/v2\/media\/1419"}],"wp:attachment":[{"href":"https:\/\/www.technikum-academy.cz\/index.php\/wp-json\/wp\/v2\/media?parent=1416"}],"wp:term":[{"taxonomy":"category","embeddable":true,"href":"https:\/\/www.technikum-academy.cz\/index.php\/wp-json\/wp\/v2\/categories?post=1416"},{"taxonomy":"post_tag","embeddable":true,"href":"https:\/\/www.technikum-academy.cz\/index.php\/wp-json\/wp\/v2\/tags?post=1416"}],"curies":[{"name":"wp","href":"https:\/\/api.w.org\/{rel}","templated":true}]}}