{"id":1143,"date":"2020-05-11T08:19:30","date_gmt":"2020-05-11T08:19:30","guid":{"rendered":"http:\/\/www.technikum-academy.cz\/?p=1143"},"modified":"2020-05-12T06:35:28","modified_gmt":"2020-05-12T06:35:28","slug":"zahajeni-cinnosti-at-4-0-po-karantene-c-19","status":"publish","type":"post","link":"https:\/\/www.technikum-academy.cz\/index.php\/2020\/05\/11\/zahajeni-cinnosti-at-4-0-po-karantene-c-19\/","title":{"rendered":"Zah\u00e1jen\u00ed \u010dinnosti AT 4.0 po karant\u00e9n\u011b C &#8211; 19"},"content":{"rendered":"<div><strong>Akademie techniky 4.0 zah\u00e1j\u00ed svoji \u010dinnost a\u017e na za\u010d\u00e1tku \u0161koln\u00edho roku 2020\/21 , tedy od \u00fater\u00fd\u00a0 1.9 2020 .<\/strong><\/div>\n<div>P\u0159ipravujeme pro V\u00e1s dal\u0161\u00ed\u00a0 nov\u00e9 vzd\u011bl\u00e1vac\u00ed aktivity a dal\u0161\u00ed technologick\u00e9 celky pro na\u0161e \u010dleny .nap\u0159. VR<\/div>\n<div><\/div>\n<div>P\u0159ihl\u00e1\u0161ky na nov\u00fd \u0161koln\u00ed rok lze zas\u00edlat na email: manazer@technikum-academy.cz<\/div>\n<div><\/div>\n<div><strong>Akademie techniky 4.0 p\u0159ipravuje na obdob\u00ed pr\u00e1zdnin 2-turnusov\u00fd p\u0159\u00edm\u011bstsk\u00fd t\u00e1bor v obdob\u00ed \u010dervence a srpna 2020.<\/strong><\/div>\n<div>Informace budou zve\u0159ejn\u011bny na webov\u00fdch str\u00e1nk\u00e1ch technikum-academy.cz do <strong>21.5 2020<\/strong><\/div>\n<div><\/div>\n<div>P\u0159ejeme v\u0161em pevn\u00e9 zdrav\u00ed a \u00fasp\u011b\u0161n\u00fd vstup do ,,norm\u00e1ln\u00edho \u017eivota,,. V p\u0159\u00edpad\u011b dal\u0161\u00edch dotaz\u016f n\u00e1s nev\u00e1hejte kontaktovat na<\/div>\n<div><strong>tel. 734 255 596<\/strong><\/div>\n<div><\/div>\n<div>V\u0161echny mlad\u00e9 v\u00fdzkumn\u00edky zdrav\u00ed t\u00fdm AT 4.0\u00a0\u200b<\/div>\n<div><\/div>\n","protected":false},"excerpt":{"rendered":"<p>Akademie techniky 4.0 zah\u00e1j\u00ed svoji \u010dinnost a\u017e na za\u010d\u00e1tku \u0161koln\u00edho roku 2020\/21 , tedy od \u00fater\u00fd\u00a0 1.9 2020 . P\u0159ipravujeme pro V\u00e1s dal\u0161\u00ed\u00a0 nov\u00e9 vzd\u011bl\u00e1vac\u00ed aktivity a dal\u0161\u00ed technologick\u00e9 celky pro na\u0161e \u010dleny .nap\u0159. VR P\u0159ihl\u00e1\u0161ky na nov\u00fd \u0161koln\u00ed rok lze zas\u00edlat na email: manazer@technikum-academy.cz Akademie techniky 4.0 p\u0159ipravuje na obdob\u00ed pr\u00e1zdnin 2-turnusov\u00fd p\u0159\u00edm\u011bstsk\u00fd t\u00e1bor &hellip; <\/p>\n<p class=\"link-more\"><a href=\"https:\/\/www.technikum-academy.cz\/index.php\/2020\/05\/11\/zahajeni-cinnosti-at-4-0-po-karantene-c-19\/\" class=\"more-link\">Pokra\u010dovat ve \u010dten\u00ed<span class=\"screen-reader-text\"> &#8222;Zah\u00e1jen\u00ed \u010dinnosti AT 4.0 po karant\u00e9n\u011b C &#8211; 19&#8220;<\/span><\/a><\/p>\n","protected":false},"author":1,"featured_media":1148,"comment_status":"open","ping_status":"open","sticky":false,"template":"","format":"standard","meta":{"footnotes":""},"categories":[1],"tags":[],"_links":{"self":[{"href":"https:\/\/www.technikum-academy.cz\/index.php\/wp-json\/wp\/v2\/posts\/1143"}],"collection":[{"href":"https:\/\/www.technikum-academy.cz\/index.php\/wp-json\/wp\/v2\/posts"}],"about":[{"href":"https:\/\/www.technikum-academy.cz\/index.php\/wp-json\/wp\/v2\/types\/post"}],"author":[{"embeddable":true,"href":"https:\/\/www.technikum-academy.cz\/index.php\/wp-json\/wp\/v2\/users\/1"}],"replies":[{"embeddable":true,"href":"https:\/\/www.technikum-academy.cz\/index.php\/wp-json\/wp\/v2\/comments?post=1143"}],"version-history":[{"count":5,"href":"https:\/\/www.technikum-academy.cz\/index.php\/wp-json\/wp\/v2\/posts\/1143\/revisions"}],"predecessor-version":[{"id":1152,"href":"https:\/\/www.technikum-academy.cz\/index.php\/wp-json\/wp\/v2\/posts\/1143\/revisions\/1152"}],"wp:featuredmedia":[{"embeddable":true,"href":"https:\/\/www.technikum-academy.cz\/index.php\/wp-json\/wp\/v2\/media\/1148"}],"wp:attachment":[{"href":"https:\/\/www.technikum-academy.cz\/index.php\/wp-json\/wp\/v2\/media?parent=1143"}],"wp:term":[{"taxonomy":"category","embeddable":true,"href":"https:\/\/www.technikum-academy.cz\/index.php\/wp-json\/wp\/v2\/categories?post=1143"},{"taxonomy":"post_tag","embeddable":true,"href":"https:\/\/www.technikum-academy.cz\/index.php\/wp-json\/wp\/v2\/tags?post=1143"}],"curies":[{"name":"wp","href":"https:\/\/api.w.org\/{rel}","templated":true}]}}